{"id":1016,"date":"2014-12-21T06:46:37","date_gmt":"2014-12-21T04:46:37","guid":{"rendered":"http:\/\/www.ff-tillmitsch.at\/wp\/?p=1016"},"modified":"2014-12-24T06:56:43","modified_gmt":"2014-12-24T04:56:43","slug":"verkehrsunfall-7","status":"publish","type":"post","link":"https:\/\/www.ff-tillmitsch.at\/wp\/?p=1016","title":{"rendered":"Verkehrsunfall"},"content":{"rendered":"<p>19.12.2014 &#8211; Technischer Einsatz<br \/>\n#Technischer Einsatz: T03-VU-Berg.<br \/>\n#WO: J\u00f6sserstra\u00dfe<br \/>\n#WANN: 19.12.2014 &#8211; 18:07<br \/>\n#WAS: Verkehrsunfall mit Fahrzeugbergung, Freimachen der Stra\u00dfe und Verkehrsregelung<\/p>\n<p>Weitere Informationen:<br \/>\nEingesetzte Feuerwehren: FF Tillmitsch<br \/>\nEingesetzte Wehrmitglieder: 10<br \/>\nEingesetzte Fahrzeuge: TLFA-3000, LFA-B und MTF<br \/>\nweitere Einsatzorganisationen: Polizei und Notarzt<\/p>\n<p>&nbsp;<\/p>\n\t\t\t\t\t\t<div class=\"gallery_box_single\">\n\t\t\t\t\t\t\t\t\t\t\t\t\t\t\t<div class=\"gallery gllr_grid\" data-gllr-columns=\"3\" data-gllr-border-width=\"10\">\n\t\t\t\t\t\t\t\t\t\t\t\t\t\t\t\t\t\t\t\t<div class=\"gllr_image_row\">\n\t\t\t\t\t\t\t\t\t\t\t\t\t\t\t\t\t\t\t\t\t<div class=\"gllr_image_block\">\n\t\t\t\t\t\t\t\t\t\t\t\t<p style=\"\n\t\t\t\t\t\t\t\t\t\t\t\twidth:170px;height:170px;\t\t\t\t\t\t\t\t\t\t\t\t\">\n\t\t\t\t\t\t\t\t\t\t\t\t\t\t\t\t\t\t\t\t\t\t\t\t\t\t\t\t<a data-fancybox=\"gallery_fancybox_1018\" href=\"https:\/\/www.ff-tillmitsch.at\/wp\/wp-content\/uploads\/2014\/12\/image549a45d42e60d.jpg\" title=\"\" >\n\t\t\t\t\t\t\t\t\t\t\t\t\t\t\t\t<img decoding=\"async\" width=\"150\" height=\"150\" style=\"width:150px; height:150px; border-width: 10px; border-color:#F1F1F1;border: 10px solid #F1F1F1\" alt=\"\" title=\"\" src=\"https:\/\/www.ff-tillmitsch.at\/wp\/wp-content\/uploads\/2014\/12\/image549a45d42e60d-150x150.jpg\" rel=\"https:\/\/www.ff-tillmitsch.at\/wp\/wp-content\/uploads\/2014\/12\/image549a45d42e60d.jpg\" \/>\t\t\t\t\t\t\t\t\t\t\t\t\t\t\t<\/a>\n\t\t\t\t\t\t\t\t\t\t\t\t\t\t\t\t\t\t\t\t\t\t\t\t\t\t<\/p>\n\t\t\t\t\t\t\t\t\t\t\t\t\t\t\t\t\t\t\t\t\t\t\t<\/div><!-- .gllr_image_block -->\n\t\t\t\t\t\t\t\t\t\t\t\t\t\t\t\t\t\t\t\t\t<div class=\"gllr_image_block\">\n\t\t\t\t\t\t\t\t\t\t\t\t<p style=\"\n\t\t\t\t\t\t\t\t\t\t\t\twidth:170px;height:170px;\t\t\t\t\t\t\t\t\t\t\t\t\">\n\t\t\t\t\t\t\t\t\t\t\t\t\t\t\t\t\t\t\t\t\t\t\t\t\t\t\t\t<a data-fancybox=\"gallery_fancybox_1018\" href=\"https:\/\/www.ff-tillmitsch.at\/wp\/wp-content\/uploads\/2014\/12\/image549a45fbb1a63.jpg\" title=\"\" >\n\t\t\t\t\t\t\t\t\t\t\t\t\t\t\t\t<img decoding=\"async\" width=\"150\" height=\"150\" style=\"width:150px; height:150px; border-width: 10px; border-color:#F1F1F1;border: 10px solid #F1F1F1\" alt=\"\" title=\"\" src=\"https:\/\/www.ff-tillmitsch.at\/wp\/wp-content\/uploads\/2014\/12\/image549a45fbb1a63-150x150.jpg\" rel=\"https:\/\/www.ff-tillmitsch.at\/wp\/wp-content\/uploads\/2014\/12\/image549a45fbb1a63.jpg\" \/>\t\t\t\t\t\t\t\t\t\t\t\t\t\t\t<\/a>\n\t\t\t\t\t\t\t\t\t\t\t\t\t\t\t\t\t\t\t\t\t\t\t\t\t\t<\/p>\n\t\t\t\t\t\t\t\t\t\t\t\t\t\t\t\t\t\t\t\t\t\t\t<\/div><!-- .gllr_image_block -->\n\t\t\t\t\t\t\t\t\t\t\t\t\t\t\t\t\t\t\t\t\t<div class=\"gllr_image_block\">\n\t\t\t\t\t\t\t\t\t\t\t\t<p style=\"\n\t\t\t\t\t\t\t\t\t\t\t\twidth:170px;height:170px;\t\t\t\t\t\t\t\t\t\t\t\t\">\n\t\t\t\t\t\t\t\t\t\t\t\t\t\t\t\t\t\t\t\t\t\t\t\t\t\t\t\t<a data-fancybox=\"gallery_fancybox_1018\" href=\"https:\/\/www.ff-tillmitsch.at\/wp\/wp-content\/uploads\/2014\/12\/image549a46183591b-1024x768.jpg\" title=\"\" >\n\t\t\t\t\t\t\t\t\t\t\t\t\t\t\t\t<img decoding=\"async\" width=\"150\" height=\"150\" style=\"width:150px; height:150px; border-width: 10px; border-color:#F1F1F1;border: 10px solid #F1F1F1\" alt=\"\" title=\"\" src=\"https:\/\/www.ff-tillmitsch.at\/wp\/wp-content\/uploads\/2014\/12\/image549a46183591b-150x150.jpg\" rel=\"https:\/\/www.ff-tillmitsch.at\/wp\/wp-content\/uploads\/2014\/12\/image549a46183591b.jpg\" \/>\t\t\t\t\t\t\t\t\t\t\t\t\t\t\t<\/a>\n\t\t\t\t\t\t\t\t\t\t\t\t\t\t\t\t\t\t\t\t\t\t\t\t\t\t<\/p>\n\t\t\t\t\t\t\t\t\t\t\t\t\t\t\t\t\t\t\t\t\t\t\t<\/div><!-- .gllr_image_block -->\n\t\t\t\t\t\t\t\t\t\t\t\t\t\t\t\t\t\t\t\t\t<\/div><!-- .gllr_image_row -->\n\t\t\t\t\t\t\t\t\t\t\t\t\t\t\t\t\t\t\t\t\t\t<div class=\"gllr_image_row\">\n\t\t\t\t\t\t\t\t\t\t\t\t\t\t\t\t\t\t\t\t\t<div class=\"gllr_image_block\">\n\t\t\t\t\t\t\t\t\t\t\t\t<p style=\"\n\t\t\t\t\t\t\t\t\t\t\t\twidth:170px;height:170px;\t\t\t\t\t\t\t\t\t\t\t\t\">\n\t\t\t\t\t\t\t\t\t\t\t\t\t\t\t\t\t\t\t\t\t\t\t\t\t\t\t\t<a data-fancybox=\"gallery_fancybox_1018\" href=\"https:\/\/www.ff-tillmitsch.at\/wp\/wp-content\/uploads\/2014\/12\/image549a463b261f1-1024x768.jpg\" title=\"\" >\n\t\t\t\t\t\t\t\t\t\t\t\t\t\t\t\t<img decoding=\"async\" width=\"150\" height=\"150\" style=\"width:150px; height:150px; border-width: 10px; border-color:#F1F1F1;border: 10px solid #F1F1F1\" alt=\"\" title=\"\" src=\"https:\/\/www.ff-tillmitsch.at\/wp\/wp-content\/uploads\/2014\/12\/image549a463b261f1-150x150.jpg\" rel=\"https:\/\/www.ff-tillmitsch.at\/wp\/wp-content\/uploads\/2014\/12\/image549a463b261f1.jpg\" \/>\t\t\t\t\t\t\t\t\t\t\t\t\t\t\t<\/a>\n\t\t\t\t\t\t\t\t\t\t\t\t\t\t\t\t\t\t\t\t\t\t\t\t\t\t<\/p>\n\t\t\t\t\t\t\t\t\t\t\t\t\t\t\t\t\t\t\t\t\t\t\t<\/div><!-- .gllr_image_block -->\n\t\t\t\t\t\t\t\t\t\t\t\t\t\t\t\t\t\t\t\t\t<div class=\"clear\"><\/div>\n\t\t\t\t\t\t\t\t\t\t<\/div><!-- .gllr_image_row -->\n\t\t\t\t\t\t\t\t\t\t\t\t\t\t\t\t\t<\/div><!-- .gallery.clearfix -->\n\t\t\t\t\t\t\t\t\t\t\t\t\t\t<\/div><!-- .gallery_box_single -->\n\t\t\t\t\t\t<div class=\"gllr_clear\"><\/div>\n\t\t\t\t\t\t\n","protected":false},"excerpt":{"rendered":"<p class=\"qua-blog-post-description\">19.12.2014 &#8211; Technischer Einsatz #Technischer Einsatz: T03-VU-Berg. #WO: J\u00f6sserstra\u00dfe #WANN: 19.12.2014 &#8211; 18:07 #WAS: Verkehrsunfall mit Fahrzeugbergung, Freimachen der Stra\u00dfe und Verkehrsregelung Weitere Informationen: Eingesetzte Feuerwehren: FF Tillmitsch Eingesetzte Wehrmitglieder: 10 Eingesetzte Fahrzeuge: TLFA-3000, LFA-B und MTF weitere Einsatzorganisationen: Polizei und Notarzt &nbsp;<\/p>\n","protected":false},"author":1,"featured_media":1019,"comment_status":"closed","ping_status":"closed","sticky":false,"template":"","format":"standard","meta":{"footnotes":""},"categories":[11,6,9],"tags":[],"_links":{"self":[{"href":"https:\/\/www.ff-tillmitsch.at\/wp\/index.php?rest_route=\/wp\/v2\/posts\/1016"}],"collection":[{"href":"https:\/\/www.ff-tillmitsch.at\/wp\/index.php?rest_route=\/wp\/v2\/posts"}],"about":[{"href":"https:\/\/www.ff-tillmitsch.at\/wp\/index.php?rest_route=\/wp\/v2\/types\/post"}],"author":[{"embeddable":true,"href":"https:\/\/www.ff-tillmitsch.at\/wp\/index.php?rest_route=\/wp\/v2\/users\/1"}],"replies":[{"embeddable":true,"href":"https:\/\/www.ff-tillmitsch.at\/wp\/index.php?rest_route=%2Fwp%2Fv2%2Fcomments&post=1016"}],"version-history":[{"count":2,"href":"https:\/\/www.ff-tillmitsch.at\/wp\/index.php?rest_route=\/wp\/v2\/posts\/1016\/revisions"}],"predecessor-version":[{"id":1023,"href":"https:\/\/www.ff-tillmitsch.at\/wp\/index.php?rest_route=\/wp\/v2\/posts\/1016\/revisions\/1023"}],"wp:featuredmedia":[{"embeddable":true,"href":"https:\/\/www.ff-tillmitsch.at\/wp\/index.php?rest_route=\/wp\/v2\/media\/1019"}],"wp:attachment":[{"href":"https:\/\/www.ff-tillmitsch.at\/wp\/index.php?rest_route=%2Fwp%2Fv2%2Fmedia&parent=1016"}],"wp:term":[{"taxonomy":"category","embeddable":true,"href":"https:\/\/www.ff-tillmitsch.at\/wp\/index.php?rest_route=%2Fwp%2Fv2%2Fcategories&post=1016"},{"taxonomy":"post_tag","embeddable":true,"href":"https:\/\/www.ff-tillmitsch.at\/wp\/index.php?rest_route=%2Fwp%2Fv2%2Ftags&post=1016"}],"curies":[{"name":"wp","href":"https:\/\/api.w.org\/{rel}","templated":true}]}}