{"id":3777,"date":"2021-12-05T18:19:49","date_gmt":"2021-12-05T16:19:49","guid":{"rendered":"http:\/\/www.ff-tillmitsch.at\/wp\/?p=3777"},"modified":"2021-12-05T18:19:51","modified_gmt":"2021-12-05T16:19:51","slug":"3777","status":"publish","type":"post","link":"https:\/\/www.ff-tillmitsch.at\/wp\/?p=3777","title":{"rendered":""},"content":{"rendered":"\n<p><strong>Am 13. November fand der Leistungsbewerb f\u00fcr Atemschutztr\u00e4ger in der Feuerwehr- und Zivilschutzschule in Lebring statt.<\/strong><\/p>\n\n\n\n<p>TILLMITSCH. Als einzige Feuerwehr aus dem Bezirk Leibnitz stellte sich ein Trupp der Feuerwehr Tillmitsch nach wochenlanger Vorbereitung der Pr\u00fcfung, Stufe III &#8211; Gold. Diese Stufe ist die h\u00f6chste Auszeichnung, die man als Atemschutzger\u00e4tetr\u00e4ger erreichen kann und wird im Feuerwehrwesen als K\u00f6nigsklasse bezeichnet.<\/p>\n\n\n\n<p>Mit Bravour konnten von ABI Pintz Stefan, BI Strohriegl Thomas, OBM L\u00f6ffler Robert und OLM Martschinko Nico alle Station absolviert werden. Die Freiwillige Feuerwehr Tillmitsch mit HBI Strau\u00df Erich ist sehr stolz auf die Leistungen ihrer Kameraden.<br><\/p>\n\n\n\n<p>https:\/\/www.meinbezirk.at\/leibnitz\/c-lokales\/gold-fuer-die-ff-tillmitsch_a5035222?fbclid=IwAR0kd-hyqSllobZrT8cR95O2cPG0bmZE6Yy6LD_pm4H2uOXUInbHbLeseh4#gallery=null<\/p>\n\n\n\t\t\t\t\t\t<div class=\"gallery_box_single\">\n\t\t\t\t\t\t\t\t\t\t\t\t\t\t\t<div class=\"gallery gllr_grid\" data-gllr-columns=\"3\" data-gllr-border-width=\"10\">\n\t\t\t\t\t\t\t\t\t\t\t\t\t\t\t\t\t\t\t\t<div class=\"gllr_image_row\">\n\t\t\t\t\t\t\t\t\t\t\t\t\t\t\t\t\t\t\t\t\t<div class=\"gllr_image_block\">\n\t\t\t\t\t\t\t\t\t\t\t\t<p style=\"\n\t\t\t\t\t\t\t\t\t\t\t\twidth:170px;height:170px;\t\t\t\t\t\t\t\t\t\t\t\t\">\n\t\t\t\t\t\t\t\t\t\t\t\t\t\t\t\t\t\t\t\t\t\t\t\t\t\t\t\t<a data-fancybox=\"gallery_fancybox_3771\" href=\"https:\/\/www.ff-tillmitsch.at\/wp\/wp-content\/uploads\/2021\/12\/WhatsApp-Image-2021-12-05-at-17.15.06-3.jpeg\" title=\"\" >\n\t\t\t\t\t\t\t\t\t\t\t\t\t\t\t\t<img decoding=\"async\" width=\"150\" height=\"150\" style=\"width:150px; height:150px; border-width: 10px; border-color:#F1F1F1;border: 10px solid #F1F1F1\" alt=\"\" title=\"\" src=\"https:\/\/www.ff-tillmitsch.at\/wp\/wp-content\/uploads\/2021\/12\/WhatsApp-Image-2021-12-05-at-17.15.06-3-150x150.jpeg\" rel=\"https:\/\/www.ff-tillmitsch.at\/wp\/wp-content\/uploads\/2021\/12\/WhatsApp-Image-2021-12-05-at-17.15.06-3.jpeg\" \/>\t\t\t\t\t\t\t\t\t\t\t\t\t\t\t<\/a>\n\t\t\t\t\t\t\t\t\t\t\t\t\t\t\t\t\t\t\t\t\t\t\t\t\t\t<\/p>\n\t\t\t\t\t\t\t\t\t\t\t\t\t\t\t\t\t\t\t\t\t\t\t<\/div><!-- .gllr_image_block -->\n\t\t\t\t\t\t\t\t\t\t\t\t\t\t\t\t\t\t\t\t\t<div class=\"gllr_image_block\">\n\t\t\t\t\t\t\t\t\t\t\t\t<p style=\"\n\t\t\t\t\t\t\t\t\t\t\t\twidth:170px;height:170px;\t\t\t\t\t\t\t\t\t\t\t\t\">\n\t\t\t\t\t\t\t\t\t\t\t\t\t\t\t\t\t\t\t\t\t\t\t\t\t\t\t\t<a data-fancybox=\"gallery_fancybox_3771\" href=\"https:\/\/www.ff-tillmitsch.at\/wp\/wp-content\/uploads\/2021\/12\/WhatsApp-Image-2021-12-05-at-17.15.06-15.jpeg\" title=\"\" >\n\t\t\t\t\t\t\t\t\t\t\t\t\t\t\t\t<img decoding=\"async\" width=\"150\" height=\"150\" style=\"width:150px; height:150px; border-width: 10px; border-color:#F1F1F1;border: 10px solid #F1F1F1\" alt=\"\" title=\"\" src=\"https:\/\/www.ff-tillmitsch.at\/wp\/wp-content\/uploads\/2021\/12\/WhatsApp-Image-2021-12-05-at-17.15.06-15-150x150.jpeg\" rel=\"https:\/\/www.ff-tillmitsch.at\/wp\/wp-content\/uploads\/2021\/12\/WhatsApp-Image-2021-12-05-at-17.15.06-15.jpeg\" \/>\t\t\t\t\t\t\t\t\t\t\t\t\t\t\t<\/a>\n\t\t\t\t\t\t\t\t\t\t\t\t\t\t\t\t\t\t\t\t\t\t\t\t\t\t<\/p>\n\t\t\t\t\t\t\t\t\t\t\t\t\t\t\t\t\t\t\t\t\t\t\t<\/div><!-- .gllr_image_block -->\n\t\t\t\t\t\t\t\t\t\t\t\t\t\t\t\t\t\t\t\t\t<div class=\"gllr_image_block\">\n\t\t\t\t\t\t\t\t\t\t\t\t<p style=\"\n\t\t\t\t\t\t\t\t\t\t\t\twidth:170px;height:170px;\t\t\t\t\t\t\t\t\t\t\t\t\">\n\t\t\t\t\t\t\t\t\t\t\t\t\t\t\t\t\t\t\t\t\t\t\t\t\t\t\t\t<a data-fancybox=\"gallery_fancybox_3771\" href=\"https:\/\/www.ff-tillmitsch.at\/wp\/wp-content\/uploads\/2021\/12\/WhatsApp-Image-2021-12-05-at-17.15.06-7.jpeg\" title=\"\" >\n\t\t\t\t\t\t\t\t\t\t\t\t\t\t\t\t<img decoding=\"async\" width=\"150\" height=\"150\" style=\"width:150px; height:150px; border-width: 10px; border-color:#F1F1F1;border: 10px solid #F1F1F1\" alt=\"\" title=\"\" src=\"https:\/\/www.ff-tillmitsch.at\/wp\/wp-content\/uploads\/2021\/12\/WhatsApp-Image-2021-12-05-at-17.15.06-7-150x150.jpeg\" rel=\"https:\/\/www.ff-tillmitsch.at\/wp\/wp-content\/uploads\/2021\/12\/WhatsApp-Image-2021-12-05-at-17.15.06-7.jpeg\" \/>\t\t\t\t\t\t\t\t\t\t\t\t\t\t\t<\/a>\n\t\t\t\t\t\t\t\t\t\t\t\t\t\t\t\t\t\t\t\t\t\t\t\t\t\t<\/p>\n\t\t\t\t\t\t\t\t\t\t\t\t\t\t\t\t\t\t\t\t\t\t\t<\/div><!-- .gllr_image_block -->\n\t\t\t\t\t\t\t\t\t\t\t\t\t\t\t\t\t\t\t\t\t<\/div><!-- .gllr_image_row -->\n\t\t\t\t\t\t\t\t\t\t\t\t\t\t\t\t\t\t\t\t\t\t<div class=\"gllr_image_row\">\n\t\t\t\t\t\t\t\t\t\t\t\t\t\t\t\t\t\t\t\t\t<div class=\"gllr_image_block\">\n\t\t\t\t\t\t\t\t\t\t\t\t<p style=\"\n\t\t\t\t\t\t\t\t\t\t\t\twidth:170px;height:170px;\t\t\t\t\t\t\t\t\t\t\t\t\">\n\t\t\t\t\t\t\t\t\t\t\t\t\t\t\t\t\t\t\t\t\t\t\t\t\t\t\t\t<a data-fancybox=\"gallery_fancybox_3771\" href=\"https:\/\/www.ff-tillmitsch.at\/wp\/wp-content\/uploads\/2021\/12\/WhatsApp-Image-2021-12-05-at-17.15.06-13.jpeg\" title=\"\" >\n\t\t\t\t\t\t\t\t\t\t\t\t\t\t\t\t<img decoding=\"async\" width=\"150\" height=\"150\" style=\"width:150px; height:150px; border-width: 10px; border-color:#F1F1F1;border: 10px solid #F1F1F1\" alt=\"\" title=\"\" src=\"https:\/\/www.ff-tillmitsch.at\/wp\/wp-content\/uploads\/2021\/12\/WhatsApp-Image-2021-12-05-at-17.15.06-13-150x150.jpeg\" rel=\"https:\/\/www.ff-tillmitsch.at\/wp\/wp-content\/uploads\/2021\/12\/WhatsApp-Image-2021-12-05-at-17.15.06-13.jpeg\" \/>\t\t\t\t\t\t\t\t\t\t\t\t\t\t\t<\/a>\n\t\t\t\t\t\t\t\t\t\t\t\t\t\t\t\t\t\t\t\t\t\t\t\t\t\t<\/p>\n\t\t\t\t\t\t\t\t\t\t\t\t\t\t\t\t\t\t\t\t\t\t\t<\/div><!-- .gllr_image_block -->\n\t\t\t\t\t\t\t\t\t\t\t\t\t\t\t\t\t\t\t\t\t<div class=\"gllr_image_block\">\n\t\t\t\t\t\t\t\t\t\t\t\t<p style=\"\n\t\t\t\t\t\t\t\t\t\t\t\twidth:170px;height:170px;\t\t\t\t\t\t\t\t\t\t\t\t\">\n\t\t\t\t\t\t\t\t\t\t\t\t\t\t\t\t\t\t\t\t\t\t\t\t\t\t\t\t<a data-fancybox=\"gallery_fancybox_3771\" href=\"https:\/\/www.ff-tillmitsch.at\/wp\/wp-content\/uploads\/2021\/12\/WhatsApp-Image-2021-12-05-at-17.15.06-1.jpeg\" title=\"\" >\n\t\t\t\t\t\t\t\t\t\t\t\t\t\t\t\t<img decoding=\"async\" width=\"150\" height=\"150\" style=\"width:150px; height:150px; border-width: 10px; border-color:#F1F1F1;border: 10px solid #F1F1F1\" alt=\"\" title=\"\" src=\"https:\/\/www.ff-tillmitsch.at\/wp\/wp-content\/uploads\/2021\/12\/WhatsApp-Image-2021-12-05-at-17.15.06-1-150x150.jpeg\" rel=\"https:\/\/www.ff-tillmitsch.at\/wp\/wp-content\/uploads\/2021\/12\/WhatsApp-Image-2021-12-05-at-17.15.06-1.jpeg\" \/>\t\t\t\t\t\t\t\t\t\t\t\t\t\t\t<\/a>\n\t\t\t\t\t\t\t\t\t\t\t\t\t\t\t\t\t\t\t\t\t\t\t\t\t\t<\/p>\n\t\t\t\t\t\t\t\t\t\t\t\t\t\t\t\t\t\t\t\t\t\t\t<\/div><!-- .gllr_image_block -->\n\t\t\t\t\t\t\t\t\t\t\t\t\t\t\t\t\t\t\t\t\t<div class=\"clear\"><\/div>\n\t\t\t\t\t\t\t\t\t\t<\/div><!-- .gllr_image_row -->\n\t\t\t\t\t\t\t\t\t\t\t\t\t\t\t\t\t<\/div><!-- .gallery.clearfix -->\n\t\t\t\t\t\t\t\t\t\t\t\t\t\t<\/div><!-- .gallery_box_single -->\n\t\t\t\t\t\t<div class=\"gllr_clear\"><\/div>\n\t\t\t\t\t\t\n\n\n\n<p><\/p>\n","protected":false},"excerpt":{"rendered":"<p class=\"qua-blog-post-description\">Am 13. November fand der Leistungsbewerb f\u00fcr Atemschutztr\u00e4ger in der Feuerwehr- und Zivilschutzschule in Lebring statt. TILLMITSCH. Als einzige Feuerwehr aus dem Bezirk Leibnitz stellte sich ein Trupp der Feuerwehr Tillmitsch nach wochenlanger Vorbereitung der Pr\u00fcfung, Stufe III &#8211; Gold. Diese Stufe ist die h\u00f6chste Auszeichnung, die man als Atemschutzger\u00e4tetr\u00e4ger erreichen kann und wird im Feuerwehrwesen als K\u00f6nigsklasse bezeichnet. Mit Bravour konnten von ABI Pintz Stefan, BI Strohriegl Thomas, OBM L\u00f6ffler Robert und OLM Martschinko Nico alle Station absolviert werden. Die Freiwillige Feuerwehr Tillmitsch mit HBI Strau\u00df Erich ist sehr stolz auf die Leistungen ihrer Kameraden. https:\/\/www.meinbezirk.at\/leibnitz\/c-lokales\/gold-fuer-die-ff-tillmitsch_a5035222?fbclid=IwAR0kd-hyqSllobZrT8cR95O2cPG0bmZE6Yy6LD_pm4H2uOXUInbHbLeseh4#gallery=null<\/p>\n","protected":false},"author":1,"featured_media":3776,"comment_status":"closed","ping_status":"closed","sticky":false,"template":"","format":"standard","meta":{"footnotes":""},"categories":[11,1,5,7],"tags":[],"_links":{"self":[{"href":"https:\/\/www.ff-tillmitsch.at\/wp\/index.php?rest_route=\/wp\/v2\/posts\/3777"}],"collection":[{"href":"https:\/\/www.ff-tillmitsch.at\/wp\/index.php?rest_route=\/wp\/v2\/posts"}],"about":[{"href":"https:\/\/www.ff-tillmitsch.at\/wp\/index.php?rest_route=\/wp\/v2\/types\/post"}],"author":[{"embeddable":true,"href":"https:\/\/www.ff-tillmitsch.at\/wp\/index.php?rest_route=\/wp\/v2\/users\/1"}],"replies":[{"embeddable":true,"href":"https:\/\/www.ff-tillmitsch.at\/wp\/index.php?rest_route=%2Fwp%2Fv2%2Fcomments&post=3777"}],"version-history":[{"count":1,"href":"https:\/\/www.ff-tillmitsch.at\/wp\/index.php?rest_route=\/wp\/v2\/posts\/3777\/revisions"}],"predecessor-version":[{"id":3778,"href":"https:\/\/www.ff-tillmitsch.at\/wp\/index.php?rest_route=\/wp\/v2\/posts\/3777\/revisions\/3778"}],"wp:featuredmedia":[{"embeddable":true,"href":"https:\/\/www.ff-tillmitsch.at\/wp\/index.php?rest_route=\/wp\/v2\/media\/3776"}],"wp:attachment":[{"href":"https:\/\/www.ff-tillmitsch.at\/wp\/index.php?rest_route=%2Fwp%2Fv2%2Fmedia&parent=3777"}],"wp:term":[{"taxonomy":"category","embeddable":true,"href":"https:\/\/www.ff-tillmitsch.at\/wp\/index.php?rest_route=%2Fwp%2Fv2%2Fcategories&post=3777"},{"taxonomy":"post_tag","embeddable":true,"href":"https:\/\/www.ff-tillmitsch.at\/wp\/index.php?rest_route=%2Fwp%2Fv2%2Ftags&post=3777"}],"curies":[{"name":"wp","href":"https:\/\/api.w.org\/{rel}","templated":true}]}}