{"id":3782,"date":"2022-01-02T20:05:43","date_gmt":"2022-01-02T18:05:43","guid":{"rendered":"http:\/\/www.ff-tillmitsch.at\/wp\/?p=3782"},"modified":"2022-01-02T20:05:45","modified_gmt":"2022-01-02T18:05:45","slug":"spenden-aus-der-friedenslichtaktion","status":"publish","type":"post","link":"https:\/\/www.ff-tillmitsch.at\/wp\/?p=3782","title":{"rendered":"Spenden aus der Friedenslichtaktion"},"content":{"rendered":"\n<p>In der Vorwoche \u00fcbergab der Kommandant Erich Strau\u00df und sein Stellvertreter und B\u00fcrgermeister Walter Novak in Form von Tillmitsch Gutscheinen, eine Summe von 1500\u20ac an den Tillmitscher Verein Schenken mit Herz, der Familien in Not unterst\u00fctzt. Die Spenden wurden bei der Friedenslichtaktion, am 24.12.2021 gesammelt. Im Namen der Feuerwehr Tillmitsch, m\u00f6chten wir uns bei allen B\u00fcrgerinnen und B\u00fcrgern der Gemeinde Tillmitsch, die diese Aktion unterst\u00fctzt haben, bedanken.<\/p>\n\n\n\t\t\t\t\t\t<div class=\"gallery_box_single\">\n\t\t\t\t\t\t\t\t\t\t\t\t\t\t\t<div class=\"gallery gllr_grid\" data-gllr-columns=\"3\" data-gllr-border-width=\"10\">\n\t\t\t\t\t\t\t\t\t\t\t\t\t\t\t\t\t\t\t\t<div class=\"gllr_image_row\">\n\t\t\t\t\t\t\t\t\t\t\t\t\t\t\t\t\t\t\t\t\t<div class=\"gllr_image_block\">\n\t\t\t\t\t\t\t\t\t\t\t\t<p style=\"\n\t\t\t\t\t\t\t\t\t\t\t\twidth:170px;height:170px;\t\t\t\t\t\t\t\t\t\t\t\t\">\n\t\t\t\t\t\t\t\t\t\t\t\t\t\t\t\t\t\t\t\t\t\t\t\t\t\t\t\t<a data-fancybox=\"gallery_fancybox_3780\" href=\"https:\/\/www.ff-tillmitsch.at\/wp\/wp-content\/uploads\/2022\/01\/Friedenslicht_2022-01-02-1024x768.jpeg\" title=\"\" >\n\t\t\t\t\t\t\t\t\t\t\t\t\t\t\t\t<img decoding=\"async\" width=\"150\" height=\"150\" style=\"width:150px; height:150px; border-width: 10px; border-color:#F1F1F1;border: 10px solid #F1F1F1\" alt=\"\" title=\"\" src=\"https:\/\/www.ff-tillmitsch.at\/wp\/wp-content\/uploads\/2022\/01\/Friedenslicht_2022-01-02-150x150.jpeg\" rel=\"https:\/\/www.ff-tillmitsch.at\/wp\/wp-content\/uploads\/2022\/01\/Friedenslicht_2022-01-02.jpeg\" \/>\t\t\t\t\t\t\t\t\t\t\t\t\t\t\t<\/a>\n\t\t\t\t\t\t\t\t\t\t\t\t\t\t\t\t\t\t\t\t\t\t\t\t\t\t<\/p>\n\t\t\t\t\t\t\t\t\t\t\t\t\t\t\t\t\t\t\t\t\t\t\t<\/div><!-- .gllr_image_block -->\n\t\t\t\t\t\t\t\t\t\t\t\t\t\t\t\t\t\t\t\t\t<div class=\"clear\"><\/div>\n\t\t\t\t\t\t\t\t\t\t<\/div><!-- .gllr_image_row -->\n\t\t\t\t\t\t\t\t\t\t\t\t\t\t\t\t\t<\/div><!-- .gallery.clearfix -->\n\t\t\t\t\t\t\t\t\t\t\t\t\t\t<\/div><!-- .gallery_box_single -->\n\t\t\t\t\t\t<div class=\"gllr_clear\"><\/div>\n\t\t\t\t\t\t\n","protected":false},"excerpt":{"rendered":"<p class=\"qua-blog-post-description\">In der Vorwoche \u00fcbergab der Kommandant Erich Strau\u00df und sein Stellvertreter und B\u00fcrgermeister Walter Novak in Form von Tillmitsch Gutscheinen, eine Summe von 1500\u20ac an den Tillmitscher Verein Schenken mit Herz, der Familien in Not unterst\u00fctzt. Die Spenden wurden bei der Friedenslichtaktion, am 24.12.2021 gesammelt. Im Namen der Feuerwehr Tillmitsch, m\u00f6chten wir uns bei allen B\u00fcrgerinnen und B\u00fcrgern der Gemeinde Tillmitsch, die diese Aktion unterst\u00fctzt haben, bedanken.<\/p>\n","protected":false},"author":1,"featured_media":3781,"comment_status":"closed","ping_status":"closed","sticky":false,"template":"","format":"standard","meta":{"footnotes":""},"categories":[11,1,8,7],"tags":[],"_links":{"self":[{"href":"https:\/\/www.ff-tillmitsch.at\/wp\/index.php?rest_route=\/wp\/v2\/posts\/3782"}],"collection":[{"href":"https:\/\/www.ff-tillmitsch.at\/wp\/index.php?rest_route=\/wp\/v2\/posts"}],"about":[{"href":"https:\/\/www.ff-tillmitsch.at\/wp\/index.php?rest_route=\/wp\/v2\/types\/post"}],"author":[{"embeddable":true,"href":"https:\/\/www.ff-tillmitsch.at\/wp\/index.php?rest_route=\/wp\/v2\/users\/1"}],"replies":[{"embeddable":true,"href":"https:\/\/www.ff-tillmitsch.at\/wp\/index.php?rest_route=%2Fwp%2Fv2%2Fcomments&post=3782"}],"version-history":[{"count":1,"href":"https:\/\/www.ff-tillmitsch.at\/wp\/index.php?rest_route=\/wp\/v2\/posts\/3782\/revisions"}],"predecessor-version":[{"id":3783,"href":"https:\/\/www.ff-tillmitsch.at\/wp\/index.php?rest_route=\/wp\/v2\/posts\/3782\/revisions\/3783"}],"wp:featuredmedia":[{"embeddable":true,"href":"https:\/\/www.ff-tillmitsch.at\/wp\/index.php?rest_route=\/wp\/v2\/media\/3781"}],"wp:attachment":[{"href":"https:\/\/www.ff-tillmitsch.at\/wp\/index.php?rest_route=%2Fwp%2Fv2%2Fmedia&parent=3782"}],"wp:term":[{"taxonomy":"category","embeddable":true,"href":"https:\/\/www.ff-tillmitsch.at\/wp\/index.php?rest_route=%2Fwp%2Fv2%2Fcategories&post=3782"},{"taxonomy":"post_tag","embeddable":true,"href":"https:\/\/www.ff-tillmitsch.at\/wp\/index.php?rest_route=%2Fwp%2Fv2%2Ftags&post=3782"}],"curies":[{"name":"wp","href":"https:\/\/api.w.org\/{rel}","templated":true}]}}