{"id":3992,"date":"2022-07-11T11:41:03","date_gmt":"2022-07-11T09:41:03","guid":{"rendered":"http:\/\/www.ff-tillmitsch.at\/wp\/?p=3992"},"modified":"2022-07-11T11:41:05","modified_gmt":"2022-07-11T09:41:05","slug":"gratulation-an-unsere-jugend","status":"publish","type":"post","link":"https:\/\/www.ff-tillmitsch.at\/wp\/?p=3992","title":{"rendered":"Gratulation an unsere Jugend"},"content":{"rendered":"\n<p>Fr\u00fch aufstehen, hie\u00df es am Samstag, den 09.07.2022. Dort fand in Gnas der Landesjugendbewerben statt. Sechs Kameradinnen und Kameraden unserer Jugend, stellten sich dort der Herausforderung des Bewerbsspiel. Um 7:30 Uhr nahmen sie bereits Aufstellung am Antreteplatz. Mit leichter Nervosit\u00e4t und vollem Elan, traten unserer Jugendlich dann zur Pr\u00fcfung an. Mit stolz d\u00fcrfen wir verk\u00fcnden, dass alle 6 Jungfeuerwehrfrauen und M\u00e4nner die Aufgaben bravour\u00f6s gemeistert haben, sodass sie das erste Abzeichen in ihrer Feuerwehrkariere erhielten. Die \u00dcbergabe der Abzeichen erfolgte bei unserem D\u00e4mmerschoppen. Die gesamte Feuerwehr gratuliert den Jugendlichen zu dieser erbrachten Leistung aber auch unseren Jugendwart L\u00f6ffler Stefan zu dieser gro\u00dfartigen Arbeit. Wir sind stolz auf euch!<\/p>\n\n\n\t\t\t\t\t\t<div class=\"gallery_box_single\">\n\t\t\t\t\t\t\t\t\t\t\t\t\t\t\t<div class=\"gallery gllr_grid\" data-gllr-columns=\"3\" data-gllr-border-width=\"10\">\n\t\t\t\t\t\t\t\t\t\t\t\t\t\t\t\t\t\t\t\t<div class=\"gllr_image_row\">\n\t\t\t\t\t\t\t\t\t\t\t\t\t\t\t\t\t\t\t\t\t<div class=\"gllr_image_block\">\n\t\t\t\t\t\t\t\t\t\t\t\t<p style=\"\n\t\t\t\t\t\t\t\t\t\t\t\twidth:170px;height:170px;\t\t\t\t\t\t\t\t\t\t\t\t\">\n\t\t\t\t\t\t\t\t\t\t\t\t\t\t\t\t\t\t\t\t\t\t\t\t\t\t\t\t<a data-fancybox=\"gallery_fancybox_3985\" href=\"https:\/\/www.ff-tillmitsch.at\/wp\/wp-content\/uploads\/2022\/07\/WhatsApp-Image-2022-07-10-at-15.44.27-5-1024x679.jpeg\" title=\"\" >\n\t\t\t\t\t\t\t\t\t\t\t\t\t\t\t\t<img decoding=\"async\" width=\"150\" height=\"150\" style=\"width:150px; height:150px; border-width: 10px; border-color:#F1F1F1;border: 10px solid #F1F1F1\" alt=\"\" title=\"\" src=\"https:\/\/www.ff-tillmitsch.at\/wp\/wp-content\/uploads\/2022\/07\/WhatsApp-Image-2022-07-10-at-15.44.27-5-150x150.jpeg\" rel=\"https:\/\/www.ff-tillmitsch.at\/wp\/wp-content\/uploads\/2022\/07\/WhatsApp-Image-2022-07-10-at-15.44.27-5.jpeg\" \/>\t\t\t\t\t\t\t\t\t\t\t\t\t\t\t<\/a>\n\t\t\t\t\t\t\t\t\t\t\t\t\t\t\t\t\t\t\t\t\t\t\t\t\t\t<\/p>\n\t\t\t\t\t\t\t\t\t\t\t\t\t\t\t\t\t\t\t\t\t\t\t<\/div><!-- .gllr_image_block -->\n\t\t\t\t\t\t\t\t\t\t\t\t\t\t\t\t\t\t\t\t\t<div class=\"gllr_image_block\">\n\t\t\t\t\t\t\t\t\t\t\t\t<p style=\"\n\t\t\t\t\t\t\t\t\t\t\t\twidth:170px;height:170px;\t\t\t\t\t\t\t\t\t\t\t\t\">\n\t\t\t\t\t\t\t\t\t\t\t\t\t\t\t\t\t\t\t\t\t\t\t\t\t\t\t\t<a data-fancybox=\"gallery_fancybox_3985\" href=\"https:\/\/www.ff-tillmitsch.at\/wp\/wp-content\/uploads\/2022\/07\/WhatsApp-Image-2022-07-10-at-15.44.27-2-1024x645.jpeg\" title=\"\" >\n\t\t\t\t\t\t\t\t\t\t\t\t\t\t\t\t<img decoding=\"async\" width=\"150\" height=\"150\" style=\"width:150px; height:150px; border-width: 10px; border-color:#F1F1F1;border: 10px solid #F1F1F1\" alt=\"\" title=\"\" src=\"https:\/\/www.ff-tillmitsch.at\/wp\/wp-content\/uploads\/2022\/07\/WhatsApp-Image-2022-07-10-at-15.44.27-2-150x150.jpeg\" rel=\"https:\/\/www.ff-tillmitsch.at\/wp\/wp-content\/uploads\/2022\/07\/WhatsApp-Image-2022-07-10-at-15.44.27-2.jpeg\" \/>\t\t\t\t\t\t\t\t\t\t\t\t\t\t\t<\/a>\n\t\t\t\t\t\t\t\t\t\t\t\t\t\t\t\t\t\t\t\t\t\t\t\t\t\t<\/p>\n\t\t\t\t\t\t\t\t\t\t\t\t\t\t\t\t\t\t\t\t\t\t\t<\/div><!-- .gllr_image_block -->\n\t\t\t\t\t\t\t\t\t\t\t\t\t\t\t\t\t\t\t\t\t<div class=\"gllr_image_block\">\n\t\t\t\t\t\t\t\t\t\t\t\t<p style=\"\n\t\t\t\t\t\t\t\t\t\t\t\twidth:170px;height:170px;\t\t\t\t\t\t\t\t\t\t\t\t\">\n\t\t\t\t\t\t\t\t\t\t\t\t\t\t\t\t\t\t\t\t\t\t\t\t\t\t\t\t<a data-fancybox=\"gallery_fancybox_3985\" href=\"https:\/\/www.ff-tillmitsch.at\/wp\/wp-content\/uploads\/2022\/07\/WhatsApp-Image-2022-07-10-at-15.44.27-3-766x1024.jpeg\" title=\"\" >\n\t\t\t\t\t\t\t\t\t\t\t\t\t\t\t\t<img decoding=\"async\" width=\"150\" height=\"150\" style=\"width:150px; height:150px; border-width: 10px; border-color:#F1F1F1;border: 10px solid #F1F1F1\" alt=\"\" title=\"\" src=\"https:\/\/www.ff-tillmitsch.at\/wp\/wp-content\/uploads\/2022\/07\/WhatsApp-Image-2022-07-10-at-15.44.27-3-150x150.jpeg\" rel=\"https:\/\/www.ff-tillmitsch.at\/wp\/wp-content\/uploads\/2022\/07\/WhatsApp-Image-2022-07-10-at-15.44.27-3.jpeg\" \/>\t\t\t\t\t\t\t\t\t\t\t\t\t\t\t<\/a>\n\t\t\t\t\t\t\t\t\t\t\t\t\t\t\t\t\t\t\t\t\t\t\t\t\t\t<\/p>\n\t\t\t\t\t\t\t\t\t\t\t\t\t\t\t\t\t\t\t\t\t\t\t<\/div><!-- .gllr_image_block -->\n\t\t\t\t\t\t\t\t\t\t\t\t\t\t\t\t\t\t\t\t\t<\/div><!-- .gllr_image_row -->\n\t\t\t\t\t\t\t\t\t\t\t\t\t\t\t\t\t\t\t\t\t\t<div class=\"gllr_image_row\">\n\t\t\t\t\t\t\t\t\t\t\t\t\t\t\t\t\t\t\t\t\t<div class=\"gllr_image_block\">\n\t\t\t\t\t\t\t\t\t\t\t\t<p style=\"\n\t\t\t\t\t\t\t\t\t\t\t\twidth:170px;height:170px;\t\t\t\t\t\t\t\t\t\t\t\t\">\n\t\t\t\t\t\t\t\t\t\t\t\t\t\t\t\t\t\t\t\t\t\t\t\t\t\t\t\t<a data-fancybox=\"gallery_fancybox_3985\" href=\"https:\/\/www.ff-tillmitsch.at\/wp\/wp-content\/uploads\/2022\/07\/WhatsApp-Image-2022-07-10-at-15.44.25-766x1024.jpeg\" title=\"\" >\n\t\t\t\t\t\t\t\t\t\t\t\t\t\t\t\t<img decoding=\"async\" width=\"150\" height=\"150\" style=\"width:150px; height:150px; border-width: 10px; border-color:#F1F1F1;border: 10px solid #F1F1F1\" alt=\"\" title=\"\" src=\"https:\/\/www.ff-tillmitsch.at\/wp\/wp-content\/uploads\/2022\/07\/WhatsApp-Image-2022-07-10-at-15.44.25-150x150.jpeg\" rel=\"https:\/\/www.ff-tillmitsch.at\/wp\/wp-content\/uploads\/2022\/07\/WhatsApp-Image-2022-07-10-at-15.44.25.jpeg\" \/>\t\t\t\t\t\t\t\t\t\t\t\t\t\t\t<\/a>\n\t\t\t\t\t\t\t\t\t\t\t\t\t\t\t\t\t\t\t\t\t\t\t\t\t\t<\/p>\n\t\t\t\t\t\t\t\t\t\t\t\t\t\t\t\t\t\t\t\t\t\t\t<\/div><!-- .gllr_image_block -->\n\t\t\t\t\t\t\t\t\t\t\t\t\t\t\t\t\t\t\t\t\t<div class=\"gllr_image_block\">\n\t\t\t\t\t\t\t\t\t\t\t\t<p style=\"\n\t\t\t\t\t\t\t\t\t\t\t\twidth:170px;height:170px;\t\t\t\t\t\t\t\t\t\t\t\t\">\n\t\t\t\t\t\t\t\t\t\t\t\t\t\t\t\t\t\t\t\t\t\t\t\t\t\t\t\t<a data-fancybox=\"gallery_fancybox_3985\" href=\"https:\/\/www.ff-tillmitsch.at\/wp\/wp-content\/uploads\/2022\/07\/WhatsApp-Image-2022-07-10-at-15.44.25-2-1024x766.jpeg\" title=\"\" >\n\t\t\t\t\t\t\t\t\t\t\t\t\t\t\t\t<img decoding=\"async\" width=\"150\" height=\"150\" style=\"width:150px; height:150px; border-width: 10px; border-color:#F1F1F1;border: 10px solid #F1F1F1\" alt=\"\" title=\"\" src=\"https:\/\/www.ff-tillmitsch.at\/wp\/wp-content\/uploads\/2022\/07\/WhatsApp-Image-2022-07-10-at-15.44.25-2-150x150.jpeg\" rel=\"https:\/\/www.ff-tillmitsch.at\/wp\/wp-content\/uploads\/2022\/07\/WhatsApp-Image-2022-07-10-at-15.44.25-2.jpeg\" \/>\t\t\t\t\t\t\t\t\t\t\t\t\t\t\t<\/a>\n\t\t\t\t\t\t\t\t\t\t\t\t\t\t\t\t\t\t\t\t\t\t\t\t\t\t<\/p>\n\t\t\t\t\t\t\t\t\t\t\t\t\t\t\t\t\t\t\t\t\t\t\t<\/div><!-- .gllr_image_block -->\n\t\t\t\t\t\t\t\t\t\t\t\t\t\t\t\t\t\t\t\t\t<div class=\"gllr_image_block\">\n\t\t\t\t\t\t\t\t\t\t\t\t<p style=\"\n\t\t\t\t\t\t\t\t\t\t\t\twidth:170px;height:170px;\t\t\t\t\t\t\t\t\t\t\t\t\">\n\t\t\t\t\t\t\t\t\t\t\t\t\t\t\t\t\t\t\t\t\t\t\t\t\t\t\t\t<a data-fancybox=\"gallery_fancybox_3985\" href=\"https:\/\/www.ff-tillmitsch.at\/wp\/wp-content\/uploads\/2022\/07\/WhatsApp-Image-2022-07-10-at-18.37.06-2.jpeg\" title=\"\" >\n\t\t\t\t\t\t\t\t\t\t\t\t\t\t\t\t<img decoding=\"async\" width=\"150\" height=\"150\" style=\"width:150px; height:150px; border-width: 10px; border-color:#F1F1F1;border: 10px solid #F1F1F1\" alt=\"\" title=\"\" src=\"https:\/\/www.ff-tillmitsch.at\/wp\/wp-content\/uploads\/2022\/07\/WhatsApp-Image-2022-07-10-at-18.37.06-2-150x150.jpeg\" rel=\"https:\/\/www.ff-tillmitsch.at\/wp\/wp-content\/uploads\/2022\/07\/WhatsApp-Image-2022-07-10-at-18.37.06-2.jpeg\" \/>\t\t\t\t\t\t\t\t\t\t\t\t\t\t\t<\/a>\n\t\t\t\t\t\t\t\t\t\t\t\t\t\t\t\t\t\t\t\t\t\t\t\t\t\t<\/p>\n\t\t\t\t\t\t\t\t\t\t\t\t\t\t\t\t\t\t\t\t\t\t\t<\/div><!-- .gllr_image_block -->\n\t\t\t\t\t\t\t\t\t\t\t\t\t\t\t\t\t\t\t\t\t<\/div><!-- .gllr_image_row -->\n\t\t\t\t\t\t\t\t\t\t\t\t\t\t\t\t\t\t\t<\/div><!-- .gallery.clearfix -->\n\t\t\t\t\t\t\t\t\t\t\t\t\t\t<\/div><!-- .gallery_box_single -->\n\t\t\t\t\t\t<div class=\"gllr_clear\"><\/div>\n\t\t\t\t\t\t\n","protected":false},"excerpt":{"rendered":"<p class=\"qua-blog-post-description\">Fr\u00fch aufstehen, hie\u00df es am Samstag, den 09.07.2022. Dort fand in Gnas der Landesjugendbewerben statt. Sechs Kameradinnen und Kameraden unserer Jugend, stellten sich dort der Herausforderung des Bewerbsspiel. Um 7:30 Uhr nahmen sie bereits Aufstellung am Antreteplatz. Mit leichter Nervosit\u00e4t und vollem Elan, traten unserer Jugendlich dann zur Pr\u00fcfung an. Mit stolz d\u00fcrfen wir verk\u00fcnden, dass alle 6 Jungfeuerwehrfrauen und M\u00e4nner die Aufgaben bravour\u00f6s gemeistert haben, sodass sie das erste Abzeichen in ihrer Feuerwehrkariere erhielten. Die \u00dcbergabe der Abzeichen erfolgte bei unserem D\u00e4mmerschoppen. Die gesamte Feuerwehr gratuliert den Jugendlichen zu dieser erbrachten Leistung aber auch unseren Jugendwart L\u00f6ffler Stefan zu dieser gro\u00dfartigen Arbeit. Wir sind stolz auf euch!<\/p>\n","protected":false},"author":1,"featured_media":3990,"comment_status":"closed","ping_status":"closed","sticky":false,"template":"","format":"standard","meta":{"footnotes":""},"categories":[11,1,8],"tags":[],"_links":{"self":[{"href":"https:\/\/www.ff-tillmitsch.at\/wp\/index.php?rest_route=\/wp\/v2\/posts\/3992"}],"collection":[{"href":"https:\/\/www.ff-tillmitsch.at\/wp\/index.php?rest_route=\/wp\/v2\/posts"}],"about":[{"href":"https:\/\/www.ff-tillmitsch.at\/wp\/index.php?rest_route=\/wp\/v2\/types\/post"}],"author":[{"embeddable":true,"href":"https:\/\/www.ff-tillmitsch.at\/wp\/index.php?rest_route=\/wp\/v2\/users\/1"}],"replies":[{"embeddable":true,"href":"https:\/\/www.ff-tillmitsch.at\/wp\/index.php?rest_route=%2Fwp%2Fv2%2Fcomments&post=3992"}],"version-history":[{"count":1,"href":"https:\/\/www.ff-tillmitsch.at\/wp\/index.php?rest_route=\/wp\/v2\/posts\/3992\/revisions"}],"predecessor-version":[{"id":3993,"href":"https:\/\/www.ff-tillmitsch.at\/wp\/index.php?rest_route=\/wp\/v2\/posts\/3992\/revisions\/3993"}],"wp:featuredmedia":[{"embeddable":true,"href":"https:\/\/www.ff-tillmitsch.at\/wp\/index.php?rest_route=\/wp\/v2\/media\/3990"}],"wp:attachment":[{"href":"https:\/\/www.ff-tillmitsch.at\/wp\/index.php?rest_route=%2Fwp%2Fv2%2Fmedia&parent=3992"}],"wp:term":[{"taxonomy":"category","embeddable":true,"href":"https:\/\/www.ff-tillmitsch.at\/wp\/index.php?rest_route=%2Fwp%2Fv2%2Fcategories&post=3992"},{"taxonomy":"post_tag","embeddable":true,"href":"https:\/\/www.ff-tillmitsch.at\/wp\/index.php?rest_route=%2Fwp%2Fv2%2Ftags&post=3992"}],"curies":[{"name":"wp","href":"https:\/\/api.w.org\/{rel}","templated":true}]}}