{"id":4296,"date":"2023-01-12T13:59:40","date_gmt":"2023-01-12T11:59:40","guid":{"rendered":"http:\/\/www.ff-tillmitsch.at\/wp\/?p=4296"},"modified":"2023-01-12T13:59:41","modified_gmt":"2023-01-12T11:59:41","slug":"jahreshauptversammlung-3","status":"publish","type":"post","link":"https:\/\/www.ff-tillmitsch.at\/wp\/?p=4296","title":{"rendered":"Jahreshauptversammlung"},"content":{"rendered":"\n<p>Zu der 132 JHV durfte der Kommandant HBI L\u00f6ffler Robert am 06.01.2023 recht herzlich begr\u00fc\u00dfen. Unter den G\u00e4sten z\u00e4hlten nicht nur 37 Kammeraden der Feuerwehr, sondern auch ABI Kurt Happer. Und B\u00fcrgermeister Novak Walter<\/p>\n\n\n\n<p>Unsere 46 aktiven 8 Mitglieder der Reservestandes und die 14 Jugendmitglieder, haben im abgelaufen Feuerwehrjahr 40 Eins\u00e4tze 214 T\u00e4tigkeiten und 16 \u00dcbungen mit einer Gesamtstundenanzahl von 6.877 unfallfrei geleistet. Die Eins\u00e4tze sowohl bei Tag und auch bei Nachtzeiten konnten mit einer gen\u00fcgenden Mannst\u00e4rke absolviert werden. Nach Abschluss der Tagesordnungspunkte der Wehrversammlung konnte HBI L\u00f6ffler sich bei allen bedanken, ganz besonders aber bei der Gemeindef\u00fchrung und dem Abschnittskommandanten f\u00fcr die gute Zusammenarbeit.<\/p>\n\n\n\t\t\t\t\t\t<div class=\"gallery_box_single\">\n\t\t\t\t\t\t\t\t\t\t\t\t\t\t\t<div class=\"gallery gllr_grid\" data-gllr-columns=\"3\" data-gllr-border-width=\"10\">\n\t\t\t\t\t\t\t\t\t\t\t\t\t\t\t\t\t\t\t\t<div class=\"gllr_image_row\">\n\t\t\t\t\t\t\t\t\t\t\t\t\t\t\t\t\t\t\t\t\t<div class=\"gllr_image_block\">\n\t\t\t\t\t\t\t\t\t\t\t\t<p style=\"\n\t\t\t\t\t\t\t\t\t\t\t\twidth:170px;height:170px;\t\t\t\t\t\t\t\t\t\t\t\t\">\n\t\t\t\t\t\t\t\t\t\t\t\t\t\t\t\t\t\t\t\t\t\t\t\t\t\t\t\t<a data-fancybox=\"gallery_fancybox_4290\" href=\"https:\/\/www.ff-tillmitsch.at\/wp\/wp-content\/uploads\/2023\/01\/322509110_1249889985597121_3991747527698083598_n-1024x768.jpg\" title=\"\" >\n\t\t\t\t\t\t\t\t\t\t\t\t\t\t\t\t<img decoding=\"async\" width=\"150\" height=\"150\" style=\"width:150px; height:150px; border-width: 10px; border-color:#F1F1F1;border: 10px solid #F1F1F1\" alt=\"\" title=\"\" src=\"https:\/\/www.ff-tillmitsch.at\/wp\/wp-content\/uploads\/2023\/01\/322509110_1249889985597121_3991747527698083598_n-150x150.jpg\" rel=\"https:\/\/www.ff-tillmitsch.at\/wp\/wp-content\/uploads\/2023\/01\/322509110_1249889985597121_3991747527698083598_n.jpg\" \/>\t\t\t\t\t\t\t\t\t\t\t\t\t\t\t<\/a>\n\t\t\t\t\t\t\t\t\t\t\t\t\t\t\t\t\t\t\t\t\t\t\t\t\t\t<\/p>\n\t\t\t\t\t\t\t\t\t\t\t\t\t\t\t\t\t\t\t\t\t\t\t<\/div><!-- .gllr_image_block -->\n\t\t\t\t\t\t\t\t\t\t\t\t\t\t\t\t\t\t\t\t\t<div class=\"gllr_image_block\">\n\t\t\t\t\t\t\t\t\t\t\t\t<p style=\"\n\t\t\t\t\t\t\t\t\t\t\t\twidth:170px;height:170px;\t\t\t\t\t\t\t\t\t\t\t\t\">\n\t\t\t\t\t\t\t\t\t\t\t\t\t\t\t\t\t\t\t\t\t\t\t\t\t\t\t\t<a data-fancybox=\"gallery_fancybox_4290\" href=\"https:\/\/www.ff-tillmitsch.at\/wp\/wp-content\/uploads\/2023\/01\/323427016_1611423872650936_1762442540249473344_n-1024x768.jpg\" title=\"\" >\n\t\t\t\t\t\t\t\t\t\t\t\t\t\t\t\t<img decoding=\"async\" width=\"150\" height=\"150\" style=\"width:150px; height:150px; border-width: 10px; border-color:#F1F1F1;border: 10px solid #F1F1F1\" alt=\"\" title=\"\" src=\"https:\/\/www.ff-tillmitsch.at\/wp\/wp-content\/uploads\/2023\/01\/323427016_1611423872650936_1762442540249473344_n-150x150.jpg\" rel=\"https:\/\/www.ff-tillmitsch.at\/wp\/wp-content\/uploads\/2023\/01\/323427016_1611423872650936_1762442540249473344_n.jpg\" \/>\t\t\t\t\t\t\t\t\t\t\t\t\t\t\t<\/a>\n\t\t\t\t\t\t\t\t\t\t\t\t\t\t\t\t\t\t\t\t\t\t\t\t\t\t<\/p>\n\t\t\t\t\t\t\t\t\t\t\t\t\t\t\t\t\t\t\t\t\t\t\t<\/div><!-- .gllr_image_block -->\n\t\t\t\t\t\t\t\t\t\t\t\t\t\t\t\t\t\t\t\t\t<div class=\"gllr_image_block\">\n\t\t\t\t\t\t\t\t\t\t\t\t<p style=\"\n\t\t\t\t\t\t\t\t\t\t\t\twidth:170px;height:170px;\t\t\t\t\t\t\t\t\t\t\t\t\">\n\t\t\t\t\t\t\t\t\t\t\t\t\t\t\t\t\t\t\t\t\t\t\t\t\t\t\t\t<a data-fancybox=\"gallery_fancybox_4290\" href=\"https:\/\/www.ff-tillmitsch.at\/wp\/wp-content\/uploads\/2023\/01\/322964229_853025989138880_5039293721947977479_n-1024x768.jpg\" title=\"\" >\n\t\t\t\t\t\t\t\t\t\t\t\t\t\t\t\t<img decoding=\"async\" width=\"150\" height=\"150\" style=\"width:150px; height:150px; border-width: 10px; border-color:#F1F1F1;border: 10px solid #F1F1F1\" alt=\"\" title=\"\" src=\"https:\/\/www.ff-tillmitsch.at\/wp\/wp-content\/uploads\/2023\/01\/322964229_853025989138880_5039293721947977479_n-150x150.jpg\" rel=\"https:\/\/www.ff-tillmitsch.at\/wp\/wp-content\/uploads\/2023\/01\/322964229_853025989138880_5039293721947977479_n.jpg\" \/>\t\t\t\t\t\t\t\t\t\t\t\t\t\t\t<\/a>\n\t\t\t\t\t\t\t\t\t\t\t\t\t\t\t\t\t\t\t\t\t\t\t\t\t\t<\/p>\n\t\t\t\t\t\t\t\t\t\t\t\t\t\t\t\t\t\t\t\t\t\t\t<\/div><!-- .gllr_image_block -->\n\t\t\t\t\t\t\t\t\t\t\t\t\t\t\t\t\t\t\t\t\t<\/div><!-- .gllr_image_row -->\n\t\t\t\t\t\t\t\t\t\t\t\t\t\t\t\t\t\t\t\t\t\t<div class=\"gllr_image_row\">\n\t\t\t\t\t\t\t\t\t\t\t\t\t\t\t\t\t\t\t\t\t<div class=\"gllr_image_block\">\n\t\t\t\t\t\t\t\t\t\t\t\t<p style=\"\n\t\t\t\t\t\t\t\t\t\t\t\twidth:170px;height:170px;\t\t\t\t\t\t\t\t\t\t\t\t\">\n\t\t\t\t\t\t\t\t\t\t\t\t\t\t\t\t\t\t\t\t\t\t\t\t\t\t\t\t<a data-fancybox=\"gallery_fancybox_4290\" href=\"https:\/\/www.ff-tillmitsch.at\/wp\/wp-content\/uploads\/2023\/01\/323142072_574069378040173_5721734604667104030_n-1024x768.jpg\" title=\"\" >\n\t\t\t\t\t\t\t\t\t\t\t\t\t\t\t\t<img decoding=\"async\" width=\"150\" height=\"150\" style=\"width:150px; height:150px; border-width: 10px; border-color:#F1F1F1;border: 10px solid #F1F1F1\" alt=\"\" title=\"\" src=\"https:\/\/www.ff-tillmitsch.at\/wp\/wp-content\/uploads\/2023\/01\/323142072_574069378040173_5721734604667104030_n-150x150.jpg\" rel=\"https:\/\/www.ff-tillmitsch.at\/wp\/wp-content\/uploads\/2023\/01\/323142072_574069378040173_5721734604667104030_n.jpg\" \/>\t\t\t\t\t\t\t\t\t\t\t\t\t\t\t<\/a>\n\t\t\t\t\t\t\t\t\t\t\t\t\t\t\t\t\t\t\t\t\t\t\t\t\t\t<\/p>\n\t\t\t\t\t\t\t\t\t\t\t\t\t\t\t\t\t\t\t\t\t\t\t<\/div><!-- .gllr_image_block -->\n\t\t\t\t\t\t\t\t\t\t\t\t\t\t\t\t\t\t\t\t\t<div class=\"gllr_image_block\">\n\t\t\t\t\t\t\t\t\t\t\t\t<p style=\"\n\t\t\t\t\t\t\t\t\t\t\t\twidth:170px;height:170px;\t\t\t\t\t\t\t\t\t\t\t\t\">\n\t\t\t\t\t\t\t\t\t\t\t\t\t\t\t\t\t\t\t\t\t\t\t\t\t\t\t\t<a data-fancybox=\"gallery_fancybox_4290\" href=\"https:\/\/www.ff-tillmitsch.at\/wp\/wp-content\/uploads\/2023\/01\/322547753_1364391387665369_2185278994322080532_n-1024x768.jpg\" title=\"\" >\n\t\t\t\t\t\t\t\t\t\t\t\t\t\t\t\t<img decoding=\"async\" width=\"150\" height=\"150\" style=\"width:150px; height:150px; border-width: 10px; border-color:#F1F1F1;border: 10px solid #F1F1F1\" alt=\"\" title=\"\" src=\"https:\/\/www.ff-tillmitsch.at\/wp\/wp-content\/uploads\/2023\/01\/322547753_1364391387665369_2185278994322080532_n-150x150.jpg\" rel=\"https:\/\/www.ff-tillmitsch.at\/wp\/wp-content\/uploads\/2023\/01\/322547753_1364391387665369_2185278994322080532_n.jpg\" \/>\t\t\t\t\t\t\t\t\t\t\t\t\t\t\t<\/a>\n\t\t\t\t\t\t\t\t\t\t\t\t\t\t\t\t\t\t\t\t\t\t\t\t\t\t<\/p>\n\t\t\t\t\t\t\t\t\t\t\t\t\t\t\t\t\t\t\t\t\t\t\t<\/div><!-- .gllr_image_block -->\n\t\t\t\t\t\t\t\t\t\t\t\t\t\t\t\t\t\t\t\t\t<div class=\"clear\"><\/div>\n\t\t\t\t\t\t\t\t\t\t<\/div><!-- .gllr_image_row -->\n\t\t\t\t\t\t\t\t\t\t\t\t\t\t\t\t\t<\/div><!-- .gallery.clearfix -->\n\t\t\t\t\t\t\t\t\t\t\t\t\t\t<\/div><!-- .gallery_box_single -->\n\t\t\t\t\t\t<div class=\"gllr_clear\"><\/div>\n\t\t\t\t\t\t\n","protected":false},"excerpt":{"rendered":"<p class=\"qua-blog-post-description\">Zu der 132 JHV durfte der Kommandant HBI L\u00f6ffler Robert am 06.01.2023 recht herzlich begr\u00fc\u00dfen. Unter den G\u00e4sten z\u00e4hlten nicht nur 37 Kammeraden der Feuerwehr, sondern auch ABI Kurt Happer. Und B\u00fcrgermeister Novak Walter Unsere 46 aktiven 8 Mitglieder der Reservestandes und die 14 Jugendmitglieder, haben im abgelaufen Feuerwehrjahr 40 Eins\u00e4tze 214 T\u00e4tigkeiten und 16 \u00dcbungen mit einer Gesamtstundenanzahl von 6.877 unfallfrei geleistet. Die Eins\u00e4tze sowohl bei Tag und auch bei Nachtzeiten konnten mit einer gen\u00fcgenden Mannst\u00e4rke absolviert werden. Nach Abschluss der Tagesordnungspunkte der Wehrversammlung konnte HBI L\u00f6ffler sich bei allen bedanken, ganz besonders aber bei der Gemeindef\u00fchrung und dem Abschnittskommandanten f\u00fcr die gute Zusammenarbeit.<\/p>\n","protected":false},"author":1,"featured_media":4291,"comment_status":"closed","ping_status":"closed","sticky":false,"template":"","format":"standard","meta":{"footnotes":""},"categories":[11,1,7],"tags":[],"_links":{"self":[{"href":"https:\/\/www.ff-tillmitsch.at\/wp\/index.php?rest_route=\/wp\/v2\/posts\/4296"}],"collection":[{"href":"https:\/\/www.ff-tillmitsch.at\/wp\/index.php?rest_route=\/wp\/v2\/posts"}],"about":[{"href":"https:\/\/www.ff-tillmitsch.at\/wp\/index.php?rest_route=\/wp\/v2\/types\/post"}],"author":[{"embeddable":true,"href":"https:\/\/www.ff-tillmitsch.at\/wp\/index.php?rest_route=\/wp\/v2\/users\/1"}],"replies":[{"embeddable":true,"href":"https:\/\/www.ff-tillmitsch.at\/wp\/index.php?rest_route=%2Fwp%2Fv2%2Fcomments&post=4296"}],"version-history":[{"count":1,"href":"https:\/\/www.ff-tillmitsch.at\/wp\/index.php?rest_route=\/wp\/v2\/posts\/4296\/revisions"}],"predecessor-version":[{"id":4297,"href":"https:\/\/www.ff-tillmitsch.at\/wp\/index.php?rest_route=\/wp\/v2\/posts\/4296\/revisions\/4297"}],"wp:featuredmedia":[{"embeddable":true,"href":"https:\/\/www.ff-tillmitsch.at\/wp\/index.php?rest_route=\/wp\/v2\/media\/4291"}],"wp:attachment":[{"href":"https:\/\/www.ff-tillmitsch.at\/wp\/index.php?rest_route=%2Fwp%2Fv2%2Fmedia&parent=4296"}],"wp:term":[{"taxonomy":"category","embeddable":true,"href":"https:\/\/www.ff-tillmitsch.at\/wp\/index.php?rest_route=%2Fwp%2Fv2%2Fcategories&post=4296"},{"taxonomy":"post_tag","embeddable":true,"href":"https:\/\/www.ff-tillmitsch.at\/wp\/index.php?rest_route=%2Fwp%2Fv2%2Ftags&post=4296"}],"curies":[{"name":"wp","href":"https:\/\/api.w.org\/{rel}","templated":true}]}}