{"id":4357,"date":"2023-03-16T14:05:48","date_gmt":"2023-03-16T12:05:48","guid":{"rendered":"http:\/\/www.ff-tillmitsch.at\/wp\/?p=4357"},"modified":"2023-03-16T14:05:49","modified_gmt":"2023-03-16T12:05:49","slug":"feuerwehreinsatz-kautz-im-kamin","status":"publish","type":"post","link":"https:\/\/www.ff-tillmitsch.at\/wp\/?p=4357","title":{"rendered":"Feuerwehreinsatz Kautz im Kamin"},"content":{"rendered":"\n<p>Zu einem nicht allt\u00e4glichen Einsatz, wurde die Freiwillige Feuerwehr Tillmitsch gestern (15.03.2023) am Abend gerufen. Ein junger Waldkauz war in den Rauchfang geflattert und konnte sich nicht mehr selbst aus dem engen Rohr befreien. Der Hausbesitzer alarmierte die Feuerwehr. Die Florianis konnten den Vogel schlie\u00dflich \u00fcber die Kamin T\u00fcr unverletzt befreien. Nachdem sich der ver\u00e4ngstigte Ungl\u00fccks-Kauz beruhigt hatte, wurde er wieder in die Freiheit entlassen.<\/p>\n\n\n\n<p><br><\/p>\n","protected":false},"excerpt":{"rendered":"<p class=\"qua-blog-post-description\">Zu einem nicht allt\u00e4glichen Einsatz, wurde die Freiwillige Feuerwehr Tillmitsch gestern (15.03.2023) am Abend gerufen. Ein junger Waldkauz war in den Rauchfang geflattert und konnte sich nicht mehr selbst aus dem engen Rohr befreien. Der Hausbesitzer alarmierte die Feuerwehr. Die Florianis konnten den Vogel schlie\u00dflich \u00fcber die Kamin T\u00fcr unverletzt befreien. Nachdem sich der ver\u00e4ngstigte Ungl\u00fccks-Kauz beruhigt hatte, wurde er wieder in die Freiheit entlassen.<\/p>\n","protected":false},"author":1,"featured_media":4358,"comment_status":"closed","ping_status":"closed","sticky":false,"template":"","format":"standard","meta":{"footnotes":""},"categories":[11,1,6,9],"tags":[],"_links":{"self":[{"href":"https:\/\/www.ff-tillmitsch.at\/wp\/index.php?rest_route=\/wp\/v2\/posts\/4357"}],"collection":[{"href":"https:\/\/www.ff-tillmitsch.at\/wp\/index.php?rest_route=\/wp\/v2\/posts"}],"about":[{"href":"https:\/\/www.ff-tillmitsch.at\/wp\/index.php?rest_route=\/wp\/v2\/types\/post"}],"author":[{"embeddable":true,"href":"https:\/\/www.ff-tillmitsch.at\/wp\/index.php?rest_route=\/wp\/v2\/users\/1"}],"replies":[{"embeddable":true,"href":"https:\/\/www.ff-tillmitsch.at\/wp\/index.php?rest_route=%2Fwp%2Fv2%2Fcomments&post=4357"}],"version-history":[{"count":1,"href":"https:\/\/www.ff-tillmitsch.at\/wp\/index.php?rest_route=\/wp\/v2\/posts\/4357\/revisions"}],"predecessor-version":[{"id":4359,"href":"https:\/\/www.ff-tillmitsch.at\/wp\/index.php?rest_route=\/wp\/v2\/posts\/4357\/revisions\/4359"}],"wp:featuredmedia":[{"embeddable":true,"href":"https:\/\/www.ff-tillmitsch.at\/wp\/index.php?rest_route=\/wp\/v2\/media\/4358"}],"wp:attachment":[{"href":"https:\/\/www.ff-tillmitsch.at\/wp\/index.php?rest_route=%2Fwp%2Fv2%2Fmedia&parent=4357"}],"wp:term":[{"taxonomy":"category","embeddable":true,"href":"https:\/\/www.ff-tillmitsch.at\/wp\/index.php?rest_route=%2Fwp%2Fv2%2Fcategories&post=4357"},{"taxonomy":"post_tag","embeddable":true,"href":"https:\/\/www.ff-tillmitsch.at\/wp\/index.php?rest_route=%2Fwp%2Fv2%2Ftags&post=4357"}],"curies":[{"name":"wp","href":"https:\/\/api.w.org\/{rel}","templated":true}]}}